{"id":552,"date":"2025-06-08T18:25:23","date_gmt":"2025-06-08T17:25:23","guid":{"rendered":"http:\/\/www.xn--brger-fr-herborn-jzbg.de\/?p=552"},"modified":"2025-06-09T06:46:38","modified_gmt":"2025-06-09T05:46:38","slug":"herborn-gestalten","status":"publish","type":"post","link":"http:\/\/www.xn--brger-fr-herborn-jzbg.de\/?p=552","title":{"rendered":"Herborn gestalten"},"content":{"rendered":"\n<p>Am Donnerstag, den 5. Juni 2025 gab es im B\u00fcrgerhaus Merkenbach eine Auftaktveranstaltung unter dem Titel &#8222;Herborn gestalten, Herborn so bunt ist die Zukunft&#8220;. Ziel ist eine breite B\u00fcrgerbeteiligung. <\/p>\n\n\n\n<p>In insgesamt acht Teilprojekten soll ein integriertes Planwerk erarbeitet werden, dass als Grundlage f\u00fcr den Fl\u00e4chennutzungsplan 2026\/2027 dienen soll.<\/p>\n\n\n\n<p>Zu Beginn wurden die beteiligten B\u00fcros und das Vorgehen vorgestellt.<\/p>\n\n\n\n<figure class=\"wp-block-image size-full\"><img decoding=\"async\" src=\"http:\/\/www.xn--brger-fr-herborn-jzbg.de\/wp-content\/uploads\/2025\/06\/IMG_2545-2.heic\" alt=\"\" class=\"wp-image-555\"\/><\/figure>\n\n\n\n<p>Der Prozess l\u00e4uft bereits seit rund zwei Jahren. Im Januar fanden Begehungen aller Stadtteile mit den jeweiligen Ortsvorstehern statt. <\/p>\n\n\n\n<p>Unsere Initiative wurde nicht beteiligt, sie war den Beratern auch nicht bekannt. Ronald Lommel und ich haben die Gelegenheit genutzt, auf unsere B\u00fcrgerinitiative, das <a href=\"http:\/\/www.b\u00fcrger-f\u00fcr-herborn.de\/wp-admin\/post.php?post=92&amp;action=edit\" data-type=\"page\" data-id=\"14\">Thesenpapier aus 2021 <\/a>und diese Homepage hingewiesen.<\/p>\n\n\n\n<p>Drei weitere Zukunftsm\u00e4rkte und ein Gutachten, in dem alle acht Planwerke zusammengefasst werden, sind vorgesehen<\/p>\n\n\n\n<figure class=\"wp-block-image size-large\"><img loading=\"lazy\" decoding=\"async\" width=\"1024\" height=\"768\" src=\"http:\/\/www.xn--brger-fr-herborn-jzbg.de\/wp-content\/uploads\/2025\/06\/IMG_2543-1024x768.jpeg\" alt=\"\" class=\"wp-image-554\" srcset=\"http:\/\/www.xn--brger-fr-herborn-jzbg.de\/wp-content\/uploads\/2025\/06\/IMG_2543-1024x768.jpeg 1024w, http:\/\/www.xn--brger-fr-herborn-jzbg.de\/wp-content\/uploads\/2025\/06\/IMG_2543-300x225.jpeg 300w, http:\/\/www.xn--brger-fr-herborn-jzbg.de\/wp-content\/uploads\/2025\/06\/IMG_2543-768x576.jpeg 768w, http:\/\/www.xn--brger-fr-herborn-jzbg.de\/wp-content\/uploads\/2025\/06\/IMG_2543-1536x1152.jpeg 1536w, http:\/\/www.xn--brger-fr-herborn-jzbg.de\/wp-content\/uploads\/2025\/06\/IMG_2543-2048x1536.jpeg 2048w, http:\/\/www.xn--brger-fr-herborn-jzbg.de\/wp-content\/uploads\/2025\/06\/IMG_2543-1200x900.jpeg 1200w, http:\/\/www.xn--brger-fr-herborn-jzbg.de\/wp-content\/uploads\/2025\/06\/IMG_2543-1980x1485.jpeg 1980w\" sizes=\"auto, (max-width: 1024px) 100vw, 1024px\" \/><\/figure>\n\n\n\n<p>Nach der Einf\u00fchrung wurden f\u00fcr alle zehn Stadtteile diskutiert, was besonders gef\u00e4llt, was nicht gef\u00e4llt und was fehlt. <\/p>\n\n\n\n<p>Hier sehen Sie das Beispiel f\u00fcr die Kernstadt.<\/p>\n\n\n\n<figure class=\"wp-block-gallery has-nested-images columns-default is-cropped wp-block-gallery-1 is-layout-flex wp-block-gallery-is-layout-flex\">\n<figure class=\"wp-block-image size-large\"><img loading=\"lazy\" decoding=\"async\" width=\"768\" height=\"1024\" data-id=\"558\" src=\"http:\/\/www.xn--brger-fr-herborn-jzbg.de\/wp-content\/uploads\/2025\/06\/IMG_2541-2-768x1024.jpeg\" alt=\"\" class=\"wp-image-558\" srcset=\"http:\/\/www.xn--brger-fr-herborn-jzbg.de\/wp-content\/uploads\/2025\/06\/IMG_2541-2-768x1024.jpeg 768w, http:\/\/www.xn--brger-fr-herborn-jzbg.de\/wp-content\/uploads\/2025\/06\/IMG_2541-2-225x300.jpeg 225w, http:\/\/www.xn--brger-fr-herborn-jzbg.de\/wp-content\/uploads\/2025\/06\/IMG_2541-2-1152x1536.jpeg 1152w, http:\/\/www.xn--brger-fr-herborn-jzbg.de\/wp-content\/uploads\/2025\/06\/IMG_2541-2-1536x2048.jpeg 1536w, http:\/\/www.xn--brger-fr-herborn-jzbg.de\/wp-content\/uploads\/2025\/06\/IMG_2541-2-1200x1600.jpeg 1200w, http:\/\/www.xn--brger-fr-herborn-jzbg.de\/wp-content\/uploads\/2025\/06\/IMG_2541-2-1980x2640.jpeg 1980w, http:\/\/www.xn--brger-fr-herborn-jzbg.de\/wp-content\/uploads\/2025\/06\/IMG_2541-2-scaled.jpeg 1920w\" sizes=\"auto, (max-width: 768px) 100vw, 768px\" \/><\/figure>\n\n\n\n<figure class=\"wp-block-image size-large\"><img loading=\"lazy\" decoding=\"async\" width=\"768\" height=\"1024\" data-id=\"557\" src=\"http:\/\/www.xn--brger-fr-herborn-jzbg.de\/wp-content\/uploads\/2025\/06\/IMG_2542-2-768x1024.jpeg\" alt=\"\" class=\"wp-image-557\" srcset=\"http:\/\/www.xn--brger-fr-herborn-jzbg.de\/wp-content\/uploads\/2025\/06\/IMG_2542-2-768x1024.jpeg 768w, http:\/\/www.xn--brger-fr-herborn-jzbg.de\/wp-content\/uploads\/2025\/06\/IMG_2542-2-225x300.jpeg 225w, http:\/\/www.xn--brger-fr-herborn-jzbg.de\/wp-content\/uploads\/2025\/06\/IMG_2542-2-1152x1536.jpeg 1152w, http:\/\/www.xn--brger-fr-herborn-jzbg.de\/wp-content\/uploads\/2025\/06\/IMG_2542-2-1536x2048.jpeg 1536w, http:\/\/www.xn--brger-fr-herborn-jzbg.de\/wp-content\/uploads\/2025\/06\/IMG_2542-2-1200x1600.jpeg 1200w, http:\/\/www.xn--brger-fr-herborn-jzbg.de\/wp-content\/uploads\/2025\/06\/IMG_2542-2-1980x2640.jpeg 1980w, http:\/\/www.xn--brger-fr-herborn-jzbg.de\/wp-content\/uploads\/2025\/06\/IMG_2542-2-scaled.jpeg 1920w\" sizes=\"auto, (max-width: 768px) 100vw, 768px\" \/><\/figure>\n<\/figure>\n\n\n\n<figure class=\"wp-block-image size-large\"><img loading=\"lazy\" decoding=\"async\" width=\"768\" height=\"1024\" src=\"http:\/\/www.xn--brger-fr-herborn-jzbg.de\/wp-content\/uploads\/2025\/06\/IMG_2577-768x1024.jpg\" alt=\"\" class=\"wp-image-556\" srcset=\"http:\/\/www.xn--brger-fr-herborn-jzbg.de\/wp-content\/uploads\/2025\/06\/IMG_2577-768x1024.jpg 768w, http:\/\/www.xn--brger-fr-herborn-jzbg.de\/wp-content\/uploads\/2025\/06\/IMG_2577-225x300.jpg 225w, http:\/\/www.xn--brger-fr-herborn-jzbg.de\/wp-content\/uploads\/2025\/06\/IMG_2577-1152x1536.jpg 1152w, http:\/\/www.xn--brger-fr-herborn-jzbg.de\/wp-content\/uploads\/2025\/06\/IMG_2577-1536x2048.jpg 1536w, http:\/\/www.xn--brger-fr-herborn-jzbg.de\/wp-content\/uploads\/2025\/06\/IMG_2577-1200x1600.jpg 1200w, http:\/\/www.xn--brger-fr-herborn-jzbg.de\/wp-content\/uploads\/2025\/06\/IMG_2577-1980x2640.jpg 1980w, http:\/\/www.xn--brger-fr-herborn-jzbg.de\/wp-content\/uploads\/2025\/06\/IMG_2577-scaled.jpg 1920w\" sizes=\"auto, (max-width: 768px) 100vw, 768px\" \/><\/figure>\n\n\n\n<p>Die Ortsvorsteherinnen und Ortsvorsteher haben die jeweiligen Ergebnisse kurz vorgestellt, die nun von den Beratern in das Teil-Planwerk Stadtentwicklung eingearbeitet werden sollen.<\/p>\n\n\n\n<p>Man darf gespannt ein, wie der Prozess sich weiter entwickelt, wir haben angek\u00fcndigt, uns als B\u00fcrgerinitiative aktiv zu beteiligen.<\/p>\n\n\n\n<p>Weiterf\u00fchrende Informationen zu den Planwerken finden Sie auf <a href=\"https:\/\/www.herborn-stadtzukunft.de\">Herborn Stadtzukunft<\/a><\/p>\n","protected":false},"excerpt":{"rendered":"<p>Am Donnerstag, den 5. Juni 2025 gab es im B\u00fcrgerhaus Merkenbach eine Auftaktveranstaltung unter dem Titel &#8222;Herborn gestalten, Herborn so bunt ist die Zukunft&#8220;. Ziel ist eine breite B\u00fcrgerbeteiligung. In insgesamt acht Teilprojekten soll ein integriertes Planwerk erarbeitet werden, dass als Grundlage f\u00fcr den Fl\u00e4chennutzungsplan 2026\/2027 dienen soll. Zu Beginn wurden die beteiligten B\u00fcros und [&hellip;]<\/p>\n","protected":false},"author":1,"featured_media":0,"comment_status":"open","ping_status":"open","sticky":false,"template":"","format":"standard","meta":{"footnotes":""},"categories":[1],"tags":[],"class_list":["post-552","post","type-post","status-publish","format-standard","hentry","category-uncategorized"],"_links":{"self":[{"href":"http:\/\/www.xn--brger-fr-herborn-jzbg.de\/index.php?rest_route=\/wp\/v2\/posts\/552","targetHints":{"allow":["GET"]}}],"collection":[{"href":"http:\/\/www.xn--brger-fr-herborn-jzbg.de\/index.php?rest_route=\/wp\/v2\/posts"}],"about":[{"href":"http:\/\/www.xn--brger-fr-herborn-jzbg.de\/index.php?rest_route=\/wp\/v2\/types\/post"}],"author":[{"embeddable":true,"href":"http:\/\/www.xn--brger-fr-herborn-jzbg.de\/index.php?rest_route=\/wp\/v2\/users\/1"}],"replies":[{"embeddable":true,"href":"http:\/\/www.xn--brger-fr-herborn-jzbg.de\/index.php?rest_route=%2Fwp%2Fv2%2Fcomments&post=552"}],"version-history":[{"count":4,"href":"http:\/\/www.xn--brger-fr-herborn-jzbg.de\/index.php?rest_route=\/wp\/v2\/posts\/552\/revisions"}],"predecessor-version":[{"id":563,"href":"http:\/\/www.xn--brger-fr-herborn-jzbg.de\/index.php?rest_route=\/wp\/v2\/posts\/552\/revisions\/563"}],"wp:attachment":[{"href":"http:\/\/www.xn--brger-fr-herborn-jzbg.de\/index.php?rest_route=%2Fwp%2Fv2%2Fmedia&parent=552"}],"wp:term":[{"taxonomy":"category","embeddable":true,"href":"http:\/\/www.xn--brger-fr-herborn-jzbg.de\/index.php?rest_route=%2Fwp%2Fv2%2Fcategories&post=552"},{"taxonomy":"post_tag","embeddable":true,"href":"http:\/\/www.xn--brger-fr-herborn-jzbg.de\/index.php?rest_route=%2Fwp%2Fv2%2Ftags&post=552"}],"curies":[{"name":"wp","href":"https:\/\/api.w.org\/{rel}","templated":true}]}}